{"id":5106,"date":"2020-11-26T20:04:28","date_gmt":"2020-11-26T20:04:28","guid":{"rendered":"https:\/\/www.prinz24.com\/?p=5106"},"modified":"2024-04-15T13:36:09","modified_gmt":"2024-04-15T13:36:09","slug":"prinz-stellt-die-ampel-auf-blau","status":"publish","type":"post","link":"https:\/\/www.prinz24.com\/en\/prinz-stellt-die-ampel-auf-blau\/","title":{"rendered":"(Deutsch) PRINZ stellt die Ampel auf BLAU!"},"content":{"rendered":"","protected":false},"excerpt":{"rendered":"","protected":false},"author":11,"featured_media":5111,"comment_status":"closed","ping_status":"open","sticky":false,"template":"","format":"standard","meta":{"footnotes":""},"categories":[1],"tags":[],"class_list":["post-5106","post","type-post","status-publish","format-standard","has-post-thumbnail","hentry","category-allgemein"],"yoast_head":"<!-- This site is optimized with the Yoast SEO plugin v27.4 - https:\/\/yoast.com\/product\/yoast-seo-wordpress\/ -->\n<title><\/title>\n<meta name=\"robots\" content=\"index, follow, max-snippet:-1, max-image-preview:large, max-video-preview:-1\" \/>\n<link rel=\"canonical\" href=\"https:\/\/www.prinz24.com\/prinz-stellt-die-ampel-auf-blau\/\" \/>\n<meta property=\"og:locale\" content=\"en_US\" \/>\n<meta property=\"og:type\" content=\"article\" \/>\n<meta property=\"og:title\" content=\"[:de]PRINZ stellt die Ampel auf BLAU![:] - PRINZ Kettens\u00e4getechnik\" \/>\n<meta property=\"og:url\" content=\"https:\/\/www.prinz24.com\/prinz-stellt-die-ampel-auf-blau\/\" \/>\n<meta property=\"og:site_name\" content=\"PRINZ Kettens\u00e4getechnik\" \/>\n<meta property=\"article:publisher\" content=\"https:\/\/www.facebook.com\/prinzkettensaegetechnik\/\" \/>\n<meta property=\"article:published_time\" content=\"2020-11-26T20:04:28+00:00\" \/>\n<meta property=\"article:modified_time\" content=\"2024-04-15T13:36:09+00:00\" \/>\n<meta property=\"og:image\" content=\"https:\/\/www.prinz24.com\/wp-content\/uploads\/2020\/11\/Aussendung_PRINZ-DE_Web-1.jpg\" \/>\n\t<meta property=\"og:image:width\" content=\"1654\" \/>\n\t<meta property=\"og:image:height\" content=\"2339\" \/>\n\t<meta property=\"og:image:type\" content=\"image\/jpeg\" \/>\n<meta name=\"author\" content=\"S\u00f6ren Hoffmann\" \/>\n<meta name=\"twitter:card\" content=\"summary_large_image\" \/>\n<meta name=\"twitter:label1\" content=\"Written by\" \/>\n\t<meta name=\"twitter:data1\" content=\"S\u00f6ren Hoffmann\" \/>\n<script type=\"application\/ld+json\" class=\"yoast-schema-graph\">{\"@context\":\"https:\\\/\\\/schema.org\",\"@graph\":[{\"@type\":\"Article\",\"@id\":\"https:\\\/\\\/www.prinz24.com\\\/prinz-stellt-die-ampel-auf-blau\\\/#article\",\"isPartOf\":{\"@id\":\"https:\\\/\\\/www.prinz24.com\\\/prinz-stellt-die-ampel-auf-blau\\\/\"},\"author\":{\"name\":\"S\u00f6ren Hoffmann\",\"@id\":\"https:\\\/\\\/www.prinz24.com\\\/#\\\/schema\\\/person\\\/2a8d626fb30ee10b81da02783f20a453\"},\"headline\":\"(Deutsch) PRINZ stellt die Ampel auf BLAU!\",\"datePublished\":\"2020-11-26T20:04:28+00:00\",\"dateModified\":\"2024-04-15T13:36:09+00:00\",\"mainEntityOfPage\":{\"@id\":\"https:\\\/\\\/www.prinz24.com\\\/prinz-stellt-die-ampel-auf-blau\\\/\"},\"wordCount\":7,\"image\":{\"@id\":\"https:\\\/\\\/www.prinz24.com\\\/prinz-stellt-die-ampel-auf-blau\\\/#primaryimage\"},\"thumbnailUrl\":\"https:\\\/\\\/www.prinz24.com\\\/wp-content\\\/uploads\\\/2020\\\/11\\\/Aussendung_PRINZ-DE_Web-1.jpg\",\"articleSection\":[\"Allgemein\"],\"inLanguage\":\"en-US\"},{\"@type\":\"WebPage\",\"@id\":\"https:\\\/\\\/www.prinz24.com\\\/prinz-stellt-die-ampel-auf-blau\\\/\",\"url\":\"https:\\\/\\\/www.prinz24.com\\\/prinz-stellt-die-ampel-auf-blau\\\/\",\"name\":\"[:de]PRINZ stellt die Ampel auf BLAU![:] - PRINZ Kettens\u00e4getechnik\",\"isPartOf\":{\"@id\":\"https:\\\/\\\/www.prinz24.com\\\/#website\"},\"primaryImageOfPage\":{\"@id\":\"https:\\\/\\\/www.prinz24.com\\\/prinz-stellt-die-ampel-auf-blau\\\/#primaryimage\"},\"image\":{\"@id\":\"https:\\\/\\\/www.prinz24.com\\\/prinz-stellt-die-ampel-auf-blau\\\/#primaryimage\"},\"thumbnailUrl\":\"https:\\\/\\\/www.prinz24.com\\\/wp-content\\\/uploads\\\/2020\\\/11\\\/Aussendung_PRINZ-DE_Web-1.jpg\",\"datePublished\":\"2020-11-26T20:04:28+00:00\",\"dateModified\":\"2024-04-15T13:36:09+00:00\",\"author\":{\"@id\":\"https:\\\/\\\/www.prinz24.com\\\/#\\\/schema\\\/person\\\/2a8d626fb30ee10b81da02783f20a453\"},\"breadcrumb\":{\"@id\":\"https:\\\/\\\/www.prinz24.com\\\/prinz-stellt-die-ampel-auf-blau\\\/#breadcrumb\"},\"inLanguage\":\"en-US\",\"potentialAction\":[{\"@type\":\"ReadAction\",\"target\":[\"https:\\\/\\\/www.prinz24.com\\\/prinz-stellt-die-ampel-auf-blau\\\/\"]}]},{\"@type\":\"ImageObject\",\"inLanguage\":\"en-US\",\"@id\":\"https:\\\/\\\/www.prinz24.com\\\/prinz-stellt-die-ampel-auf-blau\\\/#primaryimage\",\"url\":\"https:\\\/\\\/www.prinz24.com\\\/wp-content\\\/uploads\\\/2020\\\/11\\\/Aussendung_PRINZ-DE_Web-1.jpg\",\"contentUrl\":\"https:\\\/\\\/www.prinz24.com\\\/wp-content\\\/uploads\\\/2020\\\/11\\\/Aussendung_PRINZ-DE_Web-1.jpg\",\"width\":1654,\"height\":2339},{\"@type\":\"BreadcrumbList\",\"@id\":\"https:\\\/\\\/www.prinz24.com\\\/prinz-stellt-die-ampel-auf-blau\\\/#breadcrumb\",\"itemListElement\":[{\"@type\":\"ListItem\",\"position\":1,\"name\":\"Startseite\",\"item\":\"https:\\\/\\\/www.prinz24.com\\\/\"},{\"@type\":\"ListItem\",\"position\":2,\"name\":\"PRINZ stellt die Ampel auf BLAU!\"}]},{\"@type\":\"WebSite\",\"@id\":\"https:\\\/\\\/www.prinz24.com\\\/#website\",\"url\":\"https:\\\/\\\/www.prinz24.com\\\/\",\"name\":\"PRINZ Kettens\u00e4getechnik\",\"description\":\"Kettens\u00e4gentechnik f\u00fcr die Industrie\",\"potentialAction\":[{\"@type\":\"SearchAction\",\"target\":{\"@type\":\"EntryPoint\",\"urlTemplate\":\"https:\\\/\\\/www.prinz24.com\\\/?s={search_term_string}\"},\"query-input\":{\"@type\":\"PropertyValueSpecification\",\"valueRequired\":true,\"valueName\":\"search_term_string\"}}],\"inLanguage\":\"en-US\"},{\"@type\":\"Person\",\"@id\":\"https:\\\/\\\/www.prinz24.com\\\/#\\\/schema\\\/person\\\/2a8d626fb30ee10b81da02783f20a453\",\"name\":\"S\u00f6ren Hoffmann\",\"image\":{\"@type\":\"ImageObject\",\"inLanguage\":\"en-US\",\"@id\":\"https:\\\/\\\/secure.gravatar.com\\\/avatar\\\/ca937c86dced6018fab52da106a5bd2eb534bf7d708a7d301840a7c9e8fa9597?s=96&d=mm&r=g\",\"url\":\"https:\\\/\\\/secure.gravatar.com\\\/avatar\\\/ca937c86dced6018fab52da106a5bd2eb534bf7d708a7d301840a7c9e8fa9597?s=96&d=mm&r=g\",\"contentUrl\":\"https:\\\/\\\/secure.gravatar.com\\\/avatar\\\/ca937c86dced6018fab52da106a5bd2eb534bf7d708a7d301840a7c9e8fa9597?s=96&d=mm&r=g\",\"caption\":\"S\u00f6ren Hoffmann\"},\"sameAs\":[\"https:\\\/\\\/www.prinz24.com\"]}]}<\/script>\n<!-- \/ Yoast SEO plugin. -->","yoast_head_json":{"title":"[:de]PRINZ stellt die Ampel auf BLAU![:] - PRINZ Kettens\u00e4getechnik","robots":{"index":"index","follow":"follow","max-snippet":"max-snippet:-1","max-image-preview":"max-image-preview:large","max-video-preview":"max-video-preview:-1"},"canonical":"https:\/\/www.prinz24.com\/prinz-stellt-die-ampel-auf-blau\/","og_locale":"en_US","og_type":"article","og_title":"[:de]PRINZ stellt die Ampel auf BLAU![:] - PRINZ Kettens\u00e4getechnik","og_url":"https:\/\/www.prinz24.com\/prinz-stellt-die-ampel-auf-blau\/","og_site_name":"PRINZ Kettens\u00e4getechnik","article_publisher":"https:\/\/www.facebook.com\/prinzkettensaegetechnik\/","article_published_time":"2020-11-26T20:04:28+00:00","article_modified_time":"2024-04-15T13:36:09+00:00","og_image":[{"width":1654,"height":2339,"url":"https:\/\/www.prinz24.com\/wp-content\/uploads\/2020\/11\/Aussendung_PRINZ-DE_Web-1.jpg","type":"image\/jpeg"}],"author":"S\u00f6ren Hoffmann","twitter_card":"summary_large_image","twitter_misc":{"Written by":"S\u00f6ren Hoffmann"},"schema":{"@context":"https:\/\/schema.org","@graph":[{"@type":"Article","@id":"https:\/\/www.prinz24.com\/prinz-stellt-die-ampel-auf-blau\/#article","isPartOf":{"@id":"https:\/\/www.prinz24.com\/prinz-stellt-die-ampel-auf-blau\/"},"author":{"name":"S\u00f6ren Hoffmann","@id":"https:\/\/www.prinz24.com\/#\/schema\/person\/2a8d626fb30ee10b81da02783f20a453"},"headline":"(Deutsch) PRINZ stellt die Ampel auf BLAU!","datePublished":"2020-11-26T20:04:28+00:00","dateModified":"2024-04-15T13:36:09+00:00","mainEntityOfPage":{"@id":"https:\/\/www.prinz24.com\/prinz-stellt-die-ampel-auf-blau\/"},"wordCount":7,"image":{"@id":"https:\/\/www.prinz24.com\/prinz-stellt-die-ampel-auf-blau\/#primaryimage"},"thumbnailUrl":"https:\/\/www.prinz24.com\/wp-content\/uploads\/2020\/11\/Aussendung_PRINZ-DE_Web-1.jpg","articleSection":["Allgemein"],"inLanguage":"en-US"},{"@type":"WebPage","@id":"https:\/\/www.prinz24.com\/prinz-stellt-die-ampel-auf-blau\/","url":"https:\/\/www.prinz24.com\/prinz-stellt-die-ampel-auf-blau\/","name":"[:de]PRINZ stellt die Ampel auf BLAU![:] - PRINZ Kettens\u00e4getechnik","isPartOf":{"@id":"https:\/\/www.prinz24.com\/#website"},"primaryImageOfPage":{"@id":"https:\/\/www.prinz24.com\/prinz-stellt-die-ampel-auf-blau\/#primaryimage"},"image":{"@id":"https:\/\/www.prinz24.com\/prinz-stellt-die-ampel-auf-blau\/#primaryimage"},"thumbnailUrl":"https:\/\/www.prinz24.com\/wp-content\/uploads\/2020\/11\/Aussendung_PRINZ-DE_Web-1.jpg","datePublished":"2020-11-26T20:04:28+00:00","dateModified":"2024-04-15T13:36:09+00:00","author":{"@id":"https:\/\/www.prinz24.com\/#\/schema\/person\/2a8d626fb30ee10b81da02783f20a453"},"breadcrumb":{"@id":"https:\/\/www.prinz24.com\/prinz-stellt-die-ampel-auf-blau\/#breadcrumb"},"inLanguage":"en-US","potentialAction":[{"@type":"ReadAction","target":["https:\/\/www.prinz24.com\/prinz-stellt-die-ampel-auf-blau\/"]}]},{"@type":"ImageObject","inLanguage":"en-US","@id":"https:\/\/www.prinz24.com\/prinz-stellt-die-ampel-auf-blau\/#primaryimage","url":"https:\/\/www.prinz24.com\/wp-content\/uploads\/2020\/11\/Aussendung_PRINZ-DE_Web-1.jpg","contentUrl":"https:\/\/www.prinz24.com\/wp-content\/uploads\/2020\/11\/Aussendung_PRINZ-DE_Web-1.jpg","width":1654,"height":2339},{"@type":"BreadcrumbList","@id":"https:\/\/www.prinz24.com\/prinz-stellt-die-ampel-auf-blau\/#breadcrumb","itemListElement":[{"@type":"ListItem","position":1,"name":"Startseite","item":"https:\/\/www.prinz24.com\/"},{"@type":"ListItem","position":2,"name":"PRINZ stellt die Ampel auf BLAU!"}]},{"@type":"WebSite","@id":"https:\/\/www.prinz24.com\/#website","url":"https:\/\/www.prinz24.com\/","name":"PRINZ Kettens\u00e4getechnik","description":"Kettens\u00e4gentechnik f\u00fcr die Industrie","potentialAction":[{"@type":"SearchAction","target":{"@type":"EntryPoint","urlTemplate":"https:\/\/www.prinz24.com\/?s={search_term_string}"},"query-input":{"@type":"PropertyValueSpecification","valueRequired":true,"valueName":"search_term_string"}}],"inLanguage":"en-US"},{"@type":"Person","@id":"https:\/\/www.prinz24.com\/#\/schema\/person\/2a8d626fb30ee10b81da02783f20a453","name":"S\u00f6ren Hoffmann","image":{"@type":"ImageObject","inLanguage":"en-US","@id":"https:\/\/secure.gravatar.com\/avatar\/ca937c86dced6018fab52da106a5bd2eb534bf7d708a7d301840a7c9e8fa9597?s=96&d=mm&r=g","url":"https:\/\/secure.gravatar.com\/avatar\/ca937c86dced6018fab52da106a5bd2eb534bf7d708a7d301840a7c9e8fa9597?s=96&d=mm&r=g","contentUrl":"https:\/\/secure.gravatar.com\/avatar\/ca937c86dced6018fab52da106a5bd2eb534bf7d708a7d301840a7c9e8fa9597?s=96&d=mm&r=g","caption":"S\u00f6ren Hoffmann"},"sameAs":["https:\/\/www.prinz24.com"]}]}},"jetpack_featured_media_url":"https:\/\/www.prinz24.com\/wp-content\/uploads\/2020\/11\/Aussendung_PRINZ-DE_Web-1.jpg","_links":{"self":[{"href":"https:\/\/www.prinz24.com\/en\/wp-json\/wp\/v2\/posts\/5106","targetHints":{"allow":["GET"]}}],"collection":[{"href":"https:\/\/www.prinz24.com\/en\/wp-json\/wp\/v2\/posts"}],"about":[{"href":"https:\/\/www.prinz24.com\/en\/wp-json\/wp\/v2\/types\/post"}],"author":[{"embeddable":true,"href":"https:\/\/www.prinz24.com\/en\/wp-json\/wp\/v2\/users\/11"}],"replies":[{"embeddable":true,"href":"https:\/\/www.prinz24.com\/en\/wp-json\/wp\/v2\/comments?post=5106"}],"version-history":[{"count":4,"href":"https:\/\/www.prinz24.com\/en\/wp-json\/wp\/v2\/posts\/5106\/revisions"}],"predecessor-version":[{"id":5112,"href":"https:\/\/www.prinz24.com\/en\/wp-json\/wp\/v2\/posts\/5106\/revisions\/5112"}],"wp:featuredmedia":[{"embeddable":true,"href":"https:\/\/www.prinz24.com\/en\/wp-json\/wp\/v2\/media\/5111"}],"wp:attachment":[{"href":"https:\/\/www.prinz24.com\/en\/wp-json\/wp\/v2\/media?parent=5106"}],"wp:term":[{"taxonomy":"category","embeddable":true,"href":"https:\/\/www.prinz24.com\/en\/wp-json\/wp\/v2\/categories?post=5106"},{"taxonomy":"post_tag","embeddable":true,"href":"https:\/\/www.prinz24.com\/en\/wp-json\/wp\/v2\/tags?post=5106"}],"curies":[{"name":"wp","href":"https:\/\/api.w.org\/{rel}","templated":true}]}}